{"id":1652,"date":"2013-06-25T12:21:01","date_gmt":"2013-06-25T10:21:01","guid":{"rendered":"http:\/\/jan-jakobsen.dk\/?p=1652"},"modified":"2013-07-25T20:51:20","modified_gmt":"2013-07-25T18:51:20","slug":"hvordan-er-det-altid-at-vaere-afhaengig-af-sidde-i-en-korestol","status":"publish","type":"post","link":"https:\/\/jan-jakobsen.dk\/?p=1652","title":{"rendered":"S&#038;S: om afh\u00e6ngighed af k\u00f8restol"},"content":{"rendered":"<p><span style=\"color: #ff6600;\"><em><strong>(ADVARSEL: jeg skriver stadig p\u00e5 dette indl\u00e6g, s\u00e5 der kan ske \u00e6ndringer i indholdet)<\/strong><\/em><\/span><\/p>\n<p><em><strong>Sp\u00f8rgsm\u00e5l:\u00a0Hvordan er det altid at v\u00e6re afh\u00e6ngig af sidde i en k\u00f8restol?<\/strong><\/em><\/p>\n<p>Jeg vil hellere stille sp\u00f8rgsm\u00e5let lidt omvendt: hvordan ville det v\u00e6re ikke at have en k\u00f8restol? Alts\u00e5 <strong><em>ikke<\/em><\/strong> at kunne bev\u00e6ge sig s\u00e5 relativt frit, som jeg trods alt kan. P\u00e5 den m\u00e5de kommer det til at blive et tilvalg, som jeg f\u00e5r. At v\u00e6lge blot at g\u00e5 som alle andre er uden for mulighedernes r\u00e6kkevidde &#8211; og den &#8220;n\u00e6stbedste&#8221; mulighed er s\u00e5 en k\u00f8restol. Og n\u00e5r det ikke kan v\u00e6re anderledes, s\u00e5 er det da ogs\u00e5 en ganske god l\u00f8sning.<\/p>\n<p><!--more-->Der er to grundl\u00e6ggende aspekter i at bruge k\u00f8restol, som en del forenklet kan beskrives som<br \/>\n&#8211; et psykisk aspekt (opfattelsen at v\u00e6re &#8216;l\u00e6nket til en k\u00f8restol&#8217; i min egen bevidsthed og det\u00a0andre mennesker ser)<br \/>\n&#8211; et fysisk aspekt (de muligheder og begr\u00e6nsninger k\u00f8restolen giver i samspil med den fysiske planl\u00e6gning af boliger, offentlige bygninger, indk\u00f8bssteder, kollektiv trafik og udearealer).<\/p>\n<p><strong>Det psykiske aspekt<\/strong><\/p>\n<p>Naturligvis bliver en k\u00f8restol en afh\u00e6ngighed, men den giver mig ogs\u00e5 et utal af muligheder &#8211; og n\u00e5r f\u00f8rst jeg selv oplever den i \u00a0perspektivet mulighed frem for begr\u00e6nsning, s\u00e5 er det ikke s\u00e5 slemt. Det er jo banalt sagt ikke k\u00f8restolen, der er skyld i mit funktionstab. Den medvirker tv\u00e6rtimod til at g\u00f8re konsekvenserne mindre end de ellers ville v\u00e6re. N\u00e5r jeg har v\u00e6nnet mig til at bruge den (og her hj\u00e6lper 50 \u00e5r ganske godt med ;-]) s\u00e5 fortager skr\u00e6mmebilledet \u00a0&#8216;l\u00e6nket til en k\u00f8restol&#8217; sig ganske betydeligt. Det er klart, at der er en lang r\u00e6kke problemer i at skulle indstille sig til at bruge en k\u00f8restol i forbindelse med ulykke eller sygdomsbetinget funktionstab, hvis det sker pludseligt eller over kort tid i ungdoms- eller voksenliv.<\/p>\n<p>Det bliver heller ikke lettere af den almindelige opfattelse og &#8216;ber\u00f8ringsangst&#8217; i forhold til k\u00f8restol, men det v\u00e6sentlige er stadig den psykiske proces, jeg selv skal igennem. Den er langvarig og snyder ofte, fordi jeg rent intellektuelt godt kan forst\u00e5 b\u00e5de nytte, n\u00f8dvendighed og nye muligheder og andre fornuftbetingede argumenter. Alligevel kommer den lille vovhund inde i hovedet og bj\u00e6ffer med skinger hvalpelyd: &#8216;hvorfor lige mig&#8217; osv. Det er i\u00f8vrigt en proces, jeg (og naturligvis alle andre, der f\u00e5r et funktionstab) skal igennem ikke alene omkring brug af k\u00f8restol, men ogs\u00e5 ved andre funktionstab som n\u00f8dvendigg\u00f8r hj\u00e6lp til personlig hygiejne, at spise selv og respiration for blot at n\u00e6vne nogle f\u00e5 markante.<\/p>\n<p>Et af &#8216;de store problemer&#8217; er da ogs\u00e5, at en del andre mennesker bem\u00e6rker k\u00f8restolen mere end jeg selv g\u00f8r og\u00a0de medvirker\u00a0ofte til at fastholde skr\u00e6mmebilledet. Der er en tendens til, at k\u00f8restolen bliver det, der bliver lagt m\u00e6rke til og ofte kommer den til p\u00e5 en uheldig m\u00e5de at overskygge mennesket, der sidder i den. Nogle gange i en grad, s\u00e5 det bliver vanskeligt at skabe den menneskelige kontakt. Det er naturligvis ikke ond vilje, men snarere et udtryk for manglende indsigt eller en noget kejtet holdning til at sidde i en k\u00f8restol.<\/p>\n<p>Ofte har jeg oplevet, at for\u00e6ldre n\u00e6rmest har vredet hovedet p\u00e5 deres b\u00f8rn, fordi de med en naturlig nysgerrighed har kigget p\u00e5 den seje maskine, der kom rullende der. I det tilf\u00e6lde er det vidunderet, b\u00f8rnene betragter &#8211; og det er vel ikke mere odi\u00f8st end n\u00e5r vi med slet skjult misundelse betragter en s\u00e6rlig fed sportsvogn, hvis vi er til den slags. For\u00e6ldrenes optr\u00e6den over for de stakkels poder har dog den noget uheldige bivirkning, at b\u00f8rnene f\u00e5r den noget uheldige opfattelse, at her er noget, man ikke m\u00e5 se p\u00e5 og slet ikke tale om.<\/p>\n<p><strong>Det fykiske aspekt<\/strong><\/p>\n<p>Det siger vel sig selv, at der er en del vanskeligheder forbundet med at f\u00e6rdes i en k\u00f8restol. Det g\u00e6lder ikke mindst trapper, der er den store skurk i dette spil, b\u00e5de n\u00e5r det g\u00e6lder butikker og bes\u00f8g i private hjem. Det er naturligvis mest i disse situationer, at jeg selv &#8216;bem\u00e6rker&#8217;, at jeg er k\u00f8restolsbruger. Det giver et mindre antal butikker at v\u00e6lge imellem, n\u00e5r jeg skal k\u00f8be ind. Det g\u00e6lder s\u00e6rligt specialbutikker, der f.eks. ikke har den \u00f8konomiske pondus til at etablere sig i st\u00f8rre indk\u00f8bscentre. For st\u00f8rre dagligbutikker er problemet ikke s\u00e5 stort, for her giver adgangen n\u00e6rmest sig selv: ingen gider l\u00e6gge de store indk\u00f8b, hvor det bliver for vanskeligt at komme helskindet ud med de erhvervede varer.<\/p>\n<p>Det giver ogs\u00e5 store problemer, hvis jeg skal bes\u00f8ge venner eller bekendte, der har bosat sig i boliger, hvor der er trapper. Det g\u00e6lder en ganske stor del af den danske boligmasse. Dels fordi en del af boligmassen er \u00e6ldre og bygget i en tid, hvor det ikke var aktuelt ganske simpelt fordi mennesker i k\u00f8restole ikke var synlige i samfundsbilledet. Dels fordi man ved indretningen af private huse i mange \u00e5r ogs\u00e5 har fors\u00f8mt niveaufri adgang &#8211; selv parcelhuse.<\/p>\n<p>Heller ikke den kollektive trafik er i s\u00e6rlig grad indrettet p\u00e5, at mennesker i k\u00f8restol skal kunne benytte den.<\/p>\n<p><strong>Det samfundsm\u00e6ssige aspekt<\/strong><\/p>\n<p>Nu kan jeg jo ikke lade v\u00e6re med afslutningsvis at opridse nogle<\/p>\n","protected":false},"excerpt":{"rendered":"<p>(ADVARSEL: jeg skriver stadig p\u00e5 dette indl\u00e6g, s\u00e5 der kan ske \u00e6ndringer i indholdet) Sp\u00f8rgsm\u00e5l:\u00a0Hvordan er det altid at v\u00e6re afh\u00e6ngig af sidde i en k\u00f8restol? Jeg vil hellere stille sp\u00f8rgsm\u00e5let lidt omvendt: hvordan ville det v\u00e6re ikke at have &hellip; <a href=\"https:\/\/jan-jakobsen.dk\/?p=1652\">L\u00e6s resten <span class=\"meta-nav\">&rarr;<\/span><\/a><\/p>\n","protected":false},"author":3,"featured_media":0,"comment_status":"open","ping_status":"open","sticky":false,"template":"","format":"standard","meta":{"footnotes":""},"categories":[3,1,31],"tags":[],"class_list":["post-1652","post","type-post","status-publish","format-standard","hentry","category-handicapdebat","category-uncategorized","category-sporgsmal-svar"],"_links":{"self":[{"href":"https:\/\/jan-jakobsen.dk\/index.php?rest_route=\/wp\/v2\/posts\/1652","targetHints":{"allow":["GET"]}}],"collection":[{"href":"https:\/\/jan-jakobsen.dk\/index.php?rest_route=\/wp\/v2\/posts"}],"about":[{"href":"https:\/\/jan-jakobsen.dk\/index.php?rest_route=\/wp\/v2\/types\/post"}],"author":[{"embeddable":true,"href":"https:\/\/jan-jakobsen.dk\/index.php?rest_route=\/wp\/v2\/users\/3"}],"replies":[{"embeddable":true,"href":"https:\/\/jan-jakobsen.dk\/index.php?rest_route=%2Fwp%2Fv2%2Fcomments&post=1652"}],"version-history":[{"count":27,"href":"https:\/\/jan-jakobsen.dk\/index.php?rest_route=\/wp\/v2\/posts\/1652\/revisions"}],"predecessor-version":[{"id":2361,"href":"https:\/\/jan-jakobsen.dk\/index.php?rest_route=\/wp\/v2\/posts\/1652\/revisions\/2361"}],"wp:attachment":[{"href":"https:\/\/jan-jakobsen.dk\/index.php?rest_route=%2Fwp%2Fv2%2Fmedia&parent=1652"}],"wp:term":[{"taxonomy":"category","embeddable":true,"href":"https:\/\/jan-jakobsen.dk\/index.php?rest_route=%2Fwp%2Fv2%2Fcategories&post=1652"},{"taxonomy":"post_tag","embeddable":true,"href":"https:\/\/jan-jakobsen.dk\/index.php?rest_route=%2Fwp%2Fv2%2Ftags&post=1652"}],"curies":[{"name":"wp","href":"https:\/\/api.w.org\/{rel}","templated":true}]}}