{"id":1611,"date":"2013-06-11T23:06:30","date_gmt":"2013-06-11T21:06:30","guid":{"rendered":"http:\/\/jan-jakobsen.dk\/?p=1611"},"modified":"2013-07-06T21:25:02","modified_gmt":"2013-07-06T19:25:02","slug":"regnskab-4012-historie","status":"publish","type":"post","link":"https:\/\/jan-jakobsen.dk\/?p=1611","title":{"rendered":"Regnskab 2012 &#8211; historie"},"content":{"rendered":"<p><b><i>Grundet sygefrav\u00e6r kunne jeg ikke holde min tale ved regnskabsafl\u00e6ggelsen i Ringsted Byr\u00e5d mandag 10. juni 2013. Her kan du l\u00e6se, hvad jeg havde forberedt at sige&#8230;<\/i><\/b><\/p>\n<p><!--more-->Punkt 18: Regnskab.<\/p>\n<p><img loading=\"lazy\" decoding=\"async\" class=\"alignright\" alt=\"\" src=\"http:\/\/photos-e.ak.fbcdn.net\/hphotos-ak-frc3\/954874_10151634614444481_322440736_a.jpg\" width=\"180\" height=\"154\" \/>Dette er jo den traditionelle rygklappertale, hvor alle, der har deltaget i vedtagelsen af budgettet, endnu engang fort\u00e6ller hinanden, m\u00e5ske med lidt forskellige ord, hvor fantastisk godt, man gjorde budgettet og gennemf\u00f8relsen af det. Og hvor godt er det dog ikke for borgerne? &#8211; og ikke mindst borgernes pengepung?<\/p>\n<p>Jeg deltog hverken i 1.- og 2. behandlingen af budget 2012 p\u00e5 grund af sygdom for lige at f\u00e5 historikken p\u00e5 plads. Jeg kan ikke deltage i hverken rygklapperiet eller i den euforiske gl\u00e6de over budgettet og omfanget af de endelige besparelserne. Det skyldes ikke kun mit frav\u00e6r, men ogs\u00e5 indholdet og konsekvenserne.<\/p>\n<p>For det f\u00f8rste er jeg ikke en del af det selvtilfredse selskab, der godt tilbagel\u00e6nede kan henvise til \u00f8konomernes beregninger. Jeg stemte imod budgettet sidste \u00e5r, og kommer der ikke ganske snart ganske andre boller p\u00e5 suppen, kan det meget vel ende p\u00e5 samme m\u00e5de med budget 2014, hvor konturerne af, at \u00f8konomi endnu engang f\u00e5r overherred\u00f8mmet, tegner sig tydeligt. Det er naturligvis spundet ind i liflige, vellydende floskler og hip-ord om at tage h\u00e5nd om den enkelte, eller kommentarer i stil med &#8216;Det er forvaltningens vurdering at besparelsen ikke f\u00e5r nogle konsekvenser.&#8217;<\/p>\n<p>For det andet har jeg set alt for mange mennesker, der bliver ofre for den politik, der f\u00f8res her i denne byr\u00e5dsal. Den slags n\u00e5r naturligvis ikke frem til disse hellige haller &#8211; eller rammer medlemmerne selv. Det er muligt, at forvaltningen kan servere det gl\u00e6delige budskab, at sagsbehandlingstiderne er faldet med 14 dage eller en uge et eller andet sted i l\u00f8bet af et \u00e5r. Det \u00e6ndrer ikke ved, at der stadig er unge, der venter mere end et \u00e5r p\u00e5 rette specialtilbud.<\/p>\n<p>Det generelle billede er faldende udvalgsbevillinger. Det syner ganske vist ikke af meget, at man sk\u00e6rer en million hist og pist af et budget p\u00e5 20. mio., 30. mio. eller mere, men det skal sammenholdes med, at der samtidig kommer \u00f8gede behov i form af flere \u00e6ldre, der kr\u00e6ver indsats, flere b\u00f8rn med behandlingskr\u00e6vende diagnoser og massive behov for at indplacere flere p\u00e5 et arbejdsmarked, der ikke eksisterer. Samtidig stiger arbejdsl\u00f8sheden uden at kommunerne udviser rettidig omhu og sikrer besk\u00e6ftigelsen gennem massive investeringer.<\/p>\n<p>Af regnskabet fremg\u00e5r, at der er anvendt f\u00e6rre penge til omr\u00e5derne ledelse og personale, skoler, dagtilbud, b\u00f8rn og unge, ungeenhed og besk\u00e6ftigelsesomr\u00e5det end forudsat i budgettet. M\u00e5ske godt for \u00f8konomien, men det er ikke det samme som at det er godt for personalet. skolerne, b\u00f8rnene i daginstitutionerne, de unge eller de ledige. Samtidig er der brugt mere end forudsat i budgettet til ejendomsstaben, sundhed, handicap, social og psykiatri og kulturomr\u00e5det. Det vil v\u00e6re forkert at tro, at dette faktum betyder en erkendelse hos hverken direktion eller politikere af, at omr\u00e5derne med overforbrug \u00f8konomisk har v\u00e6ret underern\u00e6ret. Det er der intet i de nuv\u00e6rende budgetudkast, der tyder p\u00e5\u2026 heksejagten vil forts\u00e6tte. Ogs\u00e5 de kommende \u00e5r, hvis ikke v\u00e6lgerne s\u00e6tter h\u00e6lene i.<\/p>\n<p>For ganske f\u00e5 dage siden kunne man i Politiken l\u00e6se artiklen &#8216;\u00d8konomerne styrer vores tankegang&#8217;. Det var et interview med den svenske samfundsdebatt\u00f8r Katrine Kielos. Her siger hun, at \u00f8konomerne dominerer ikke bare \u00f8konomien, men hele det politiske liv og vores selvopfattelse. Markedslogikken bruges ikke bare til at forklare tomaters pris, men stort set alt i verden og i vores liv. Politikerne lytter and\u00e6gtigt, n\u00e5r \u00f8konomerne taler, og retter politikken ind efter dem. Og n\u00e5r vi andre ser en \u00f8konom p\u00e5 tv, opfatter vi ham som en objektiv autoritet og hans udsagn som naturlove. &#8216;\u2026Vi er helt ukritiske over for en t\u00e6nkning, som er i fuld gang med at \u00f8del\u00e6gge dit og mit liv, det politiske liv og verdens\u00f8konomien\u2026 siger Katrine Kielos. Det, der er interessant ogs\u00e5 i et lokalt perspektiv, er, at man ikke l\u00e6ngere kan tale om &#8216;h\u00f8jre&#8217; og &#8216;venstre&#8217;, n\u00e5r det g\u00e6lder \u00f8konomernes magt. Den \u00f8konomiske videnskab er ikke entydig &#8216;nyliberalistisk&#8217;, men \u00f8konomernes m\u00e5de at t\u00e6nke p\u00e5, er blevet overtaget af begge politiske lejre. Ingen af lejrene ser t\u00e6nkningen som politisk. Den opfattes som neutral og objektiv. Og det er netop det, der giver \u00f8konomernes tanker s\u00e5 stor magt: Tankerne pakkes ind i videnskabelig v\u00e6rdifrihed. De er udtryk for god, sund fornuft. Det samme sker i denne kommune, hvor \u00f8konomerne har beregnet alt fra, hvad et menneske m\u00e5 belaste f\u00e6llesskabet med, til hvor mange gram sm\u00f8r tilforordnede m\u00e5 f\u00e5 ved valghandlingernes frokost.<\/p>\n<p>Regnskab 2012 er historie, og det kan jo kun tages til efterretning. Men jeg h\u00e5ber virkelig, at der sker en m\u00e6rkbar \u00e6ndring i sammens\u00e6tningen af dette byr\u00e5d ved efter\u00e5rets kommunevalg. Der er brug for en helt anden betragtningsm\u00e5de n\u00e5r det g\u00e6lder \u00f8konomi, etik, menneskesyn og fremsynethed. Ikke mindst h\u00e5ber jeg, at Socialdemokraterne og SF ikke l\u00e5ser sig fast i den nuv\u00e6rende \u00f8konomit\u00e6nkning, men reviderer deres syn. Vi kan alle stille os sp\u00f8rgsm\u00e5let, om den nuv\u00e6rende s\u00e5kaldte gode, sunde fornuft virkelig er tilstr\u00e6kkelig til at drive en tryg kommune for b\u00f8rn, unge, voksne, gamle og arbejdsl\u00f8se? M\u00e5ske utopi med de dyder, der i \u00f8jeblikket synes at herske &#8211; men v\u00e6rd at arbejde for af hensyn til MENNESKER.<\/p>\n<p>Med de ord skal jeg ikke stille mig i vejen for godkendelsen af regnskab 2012. Det er historie og fremtiden er vigtigere\u2026<\/p>\n","protected":false},"excerpt":{"rendered":"<p>Grundet sygefrav\u00e6r kunne jeg ikke holde min tale ved regnskabsafl\u00e6ggelsen i Ringsted Byr\u00e5d mandag 10. juni 2013. Her kan du l\u00e6se, hvad jeg havde forberedt at sige&#8230;<\/p>\n","protected":false},"author":3,"featured_media":0,"comment_status":"open","ping_status":"open","sticky":false,"template":"","format":"standard","meta":{"footnotes":""},"categories":[4,1],"tags":[39,16,55,57,54,56],"class_list":["post-1611","post","type-post","status-publish","format-standard","hentry","category-blog","category-uncategorized","tag-enhedslisten","tag-kommune","tag-markedslogik","tag-regnskab","tag-regnskabsaflaeggelse","tag-verdensokonomi"],"_links":{"self":[{"href":"https:\/\/jan-jakobsen.dk\/index.php?rest_route=\/wp\/v2\/posts\/1611","targetHints":{"allow":["GET"]}}],"collection":[{"href":"https:\/\/jan-jakobsen.dk\/index.php?rest_route=\/wp\/v2\/posts"}],"about":[{"href":"https:\/\/jan-jakobsen.dk\/index.php?rest_route=\/wp\/v2\/types\/post"}],"author":[{"embeddable":true,"href":"https:\/\/jan-jakobsen.dk\/index.php?rest_route=\/wp\/v2\/users\/3"}],"replies":[{"embeddable":true,"href":"https:\/\/jan-jakobsen.dk\/index.php?rest_route=%2Fwp%2Fv2%2Fcomments&post=1611"}],"version-history":[{"count":14,"href":"https:\/\/jan-jakobsen.dk\/index.php?rest_route=\/wp\/v2\/posts\/1611\/revisions"}],"predecessor-version":[{"id":1867,"href":"https:\/\/jan-jakobsen.dk\/index.php?rest_route=\/wp\/v2\/posts\/1611\/revisions\/1867"}],"wp:attachment":[{"href":"https:\/\/jan-jakobsen.dk\/index.php?rest_route=%2Fwp%2Fv2%2Fmedia&parent=1611"}],"wp:term":[{"taxonomy":"category","embeddable":true,"href":"https:\/\/jan-jakobsen.dk\/index.php?rest_route=%2Fwp%2Fv2%2Fcategories&post=1611"},{"taxonomy":"post_tag","embeddable":true,"href":"https:\/\/jan-jakobsen.dk\/index.php?rest_route=%2Fwp%2Fv2%2Ftags&post=1611"}],"curies":[{"name":"wp","href":"https:\/\/api.w.org\/{rel}","templated":true}]}}