{"id":14779,"date":"2019-05-29T08:40:47","date_gmt":"2019-05-29T06:40:47","guid":{"rendered":"http:\/\/jan-jakobsen.dk\/?p=14779"},"modified":"2024-05-05T00:07:42","modified_gmt":"2024-05-04T22:07:42","slug":"min-praesentation-ved-opstilling-til-muskelsvindfondens-repraesentantskab","status":"publish","type":"post","link":"https:\/\/jan-jakobsen.dk\/?p=14779","title":{"rendered":"Min pr\u00e6sentation ved opstilling til Muskelsvindfondens repr\u00e6sentantskab"},"content":{"rendered":"<div class=\"wp-block-image\">\n<figure class=\"alignleft is-resized\"><img loading=\"lazy\" decoding=\"async\" width=\"620\" height=\"465\" src=\"https:\/\/jan-jakobsen.dk\/https:\/\/jan-jakobsen.dk\/wp-content\/uploads\/2019\/05\/IMG_30511-620x465.jpg\" alt=\"\" class=\"wp-image-14809\" style=\"width:300px\" srcset=\"https:\/\/jan-jakobsen.dk\/http:\/\/jan-jakobsen.dk\/wp-content\/uploads\/2019\/05\/IMG_30511-620x465.jpg 620w, https:\/\/jan-jakobsen.dk\/http:\/\/jan-jakobsen.dk\/wp-content\/uploads\/2019\/05\/IMG_30511-300x225.jpg 300w\" sizes=\"auto, (max-width: 620px) 100vw, 620px\" \/><figcaption class=\"wp-element-caption\">Fra Landsm\u00f8de i Muskelsvindfonden l\u00f8rdag 25. maj. Taget under min pr\u00e6sentation ved opstillingen til repr\u00e6sentantskabet.<\/figcaption><\/figure>\n<\/div>\n\n\n<p>Jeg hedder Jan.&nbsp;Jeg genopstiller til repr\u00e6sentantskabet, fordi jeg&nbsp;vil vores f\u00e6llesskab.<\/p>\n\n\n\n<p>Jeg er 64 \u00e5r.&nbsp;Jeg har&nbsp;SMA og arbejder med kommunikation i minifleksjob &#8211;&nbsp;p\u00e5 skole for b\u00f8rn med handicap. Jeg sidder&nbsp;I DHs centrale forretningsudvalg og er formand for DH og Handicapr\u00e5det i Ringsted.<\/p>\n\n\n\n<p>Mine m\u00e6rkesager er bl.a. at vi skal forbedre&nbsp;retssikkerheden. At vi skal sikre&nbsp;alle adgang til&nbsp;medicinsk behandling, som findes.<\/p>\n\n\n\n<!--more-->\n\n\n\n<p>At vi bygger p\u00e5&nbsp;solidaritet. Vi skal&nbsp;huske, at&nbsp;viskal v\u00e6re her for&nbsp;mange og meget&nbsp;forskellige medlemsgrupper. Det g\u00e6lder ogs\u00e5 b\u00f8rn, seniorer og dem, der ikke fysisk kan v\u00e6re til stede.<\/p>\n\n\n\n<p>Socialpolitikkener vigtig for os&nbsp;alle. Medicinsk behandling \u00e6ndrer f\u00f8lgerne for nogle grupper.&nbsp;Men vi har stadig brug for&nbsp;retssikkerhed&nbsp;og kompensation&nbsp;som hj\u00e6lpemidler osv. Det&nbsp;er&nbsp;ogs\u00e5&nbsp;under pres i&nbsp;mange kommuner.<\/p>\n\n\n\n<p>Vi skal sikre unge uddannelse &#8211;&nbsp;og samtidig erkende at&nbsp;arbejde&nbsp;er&nbsp;godt for nogle &#8211; pension bedre for andre.<\/p>\n\n\n\n<p>Inklusionskal v\u00e6re p\u00e5&nbsp;vores&nbsp;pr\u00e6misser. Vi skal v\u00e6k fra opfattelser af, at&nbsp;entener man inkluderet &#8211;&nbsp;ellerekskluderet. Det er&nbsp;os,&nbsp;der skal&nbsp;itales\u00e6tte d\u00e9t&nbsp;i debatten.<\/p>\n\n\n\n<p>Vores hj\u00e6lperordninger er under voldsomt&nbsp;pres. Vi skal forbedre dem &#8211; ikke forringe dem.<\/p>\n\n\n<div class=\"wp-block-image\">\n<figure class=\"alignleft is-resized\"><img loading=\"lazy\" decoding=\"async\" width=\"620\" height=\"465\" src=\"https:\/\/jan-jakobsen.dk\/https:\/\/jan-jakobsen.dk\/wp-content\/uploads\/2019\/05\/IMG_30326-620x465.jpg\" alt=\"\" class=\"wp-image-14810\" style=\"width:401px;height:301px\" srcset=\"https:\/\/jan-jakobsen.dk\/http:\/\/jan-jakobsen.dk\/wp-content\/uploads\/2019\/05\/IMG_30326-620x465.jpg 620w, https:\/\/jan-jakobsen.dk\/http:\/\/jan-jakobsen.dk\/wp-content\/uploads\/2019\/05\/IMG_30326-300x225.jpg 300w\" sizes=\"auto, (max-width: 620px) 100vw, 620px\" \/><figcaption class=\"wp-element-caption\">Den t\u00e6tpakkede sal p\u00e5 Musholm, hvor Landsm\u00f8de 2019 endnu engang blev afholdt.<\/figcaption><\/figure>\n<\/div>\n\n\n<p>Socialt er&nbsp;vi n\u00f8dt tilat v\u00e6re synlige p\u00e5 mange felter. Det&nbsp;eren stor opgave, men vi kan, n\u00e5r vi sammen bruger vores&nbsp;kompetencerog&nbsp;vilje.<\/p>\n\n\n\n<p>Vi er ogs\u00e5&nbsp;meget andet end en&nbsp;socialorganisation. Vi er en&nbsp;dybt professionel indsamlingsorganisation.&nbsp;Det er vi i kraft af mange&nbsp;dygtige medarbejdere- og et hav af&nbsp;frivillige.<\/p>\n\n\n\n<p>Vi har&nbsp;dygtige&nbsp;medarbejdere p\u00e5&nbsp;det socialpolitiske omr\u00e5de.&nbsp;Vi har&nbsp;dygtige kommunikationsfolk. Vi er&nbsp;ikke mindst b\u00e5ret af&nbsp;medlemmernesaktive indsats. Det kan vi ikke undv\u00e6re og vi m\u00e5&nbsp;aldrig glemme n\u00f8dvendigheden&nbsp;af at&nbsp;vi er en&nbsp;aktivistisk organisation.&nbsp;Medlemmerne og vores medarbejdere&nbsp;er vores DNA &#8211; og&nbsp;vi rykker l\u00e6ngst sammen.<\/p>\n\n\n\n<p>Endelig skal vi huske, at&nbsp;vi er meget mere end vores handicap. Vores handicap burde ikke fylde meget. Men kampen i kommunerne fylder&nbsp;altfor meget.Vi skal&nbsp;udvikle retssikkerheden &#8211; sammen med andre grupper af handicap.<\/p>\n\n\n\n<p>Vi har&nbsp;valg&nbsp;til Folketinget lige nu. Vi har brug for&nbsp;aktivt at vise, at vi&nbsp;sammen er #enmillionstemmer. Vi&nbsp;vil og&nbsp;skal h\u00f8res. Sammen&nbsp;fjerner vi tvivlen om,&nbsp;hvordan kommunerne m\u00e5 l\u00f8se deres opgave.<\/p>\n\n\n\n<p>For&nbsp;SAMMEN vil vi&nbsp;PLADS TIL FORSKELLE!<\/p>\n","protected":false},"excerpt":{"rendered":"<p>Jeg hedder Jan.&nbsp;Jeg genopstiller til repr\u00e6sentantskabet, fordi jeg&nbsp;vil vores f\u00e6llesskab. Jeg er 64 \u00e5r.&nbsp;Jeg har&nbsp;SMA og arbejder med kommunikation i minifleksjob &#8211;&nbsp;p\u00e5 skole for b\u00f8rn med handicap. Jeg sidder&nbsp;I DHs centrale forretningsudvalg og er formand for DH og Handicapr\u00e5det i &hellip; <a href=\"https:\/\/jan-jakobsen.dk\/?p=14779\">L\u00e6s resten <span class=\"meta-nav\">&rarr;<\/span><\/a><\/p>\n","protected":false},"author":3,"featured_media":0,"comment_status":"open","ping_status":"open","sticky":false,"template":"","format":"standard","meta":{"footnotes":""},"categories":[4,1],"tags":[865,372,412,866,639],"class_list":["post-14779","post","type-post","status-publish","format-standard","hentry","category-blog","category-uncategorized","tag-landsmoede-2019","tag-mangfoldighed","tag-muskelsvindfonden","tag-maerkesager","tag-retssikkerhed"],"_links":{"self":[{"href":"https:\/\/jan-jakobsen.dk\/index.php?rest_route=\/wp\/v2\/posts\/14779","targetHints":{"allow":["GET"]}}],"collection":[{"href":"https:\/\/jan-jakobsen.dk\/index.php?rest_route=\/wp\/v2\/posts"}],"about":[{"href":"https:\/\/jan-jakobsen.dk\/index.php?rest_route=\/wp\/v2\/types\/post"}],"author":[{"embeddable":true,"href":"https:\/\/jan-jakobsen.dk\/index.php?rest_route=\/wp\/v2\/users\/3"}],"replies":[{"embeddable":true,"href":"https:\/\/jan-jakobsen.dk\/index.php?rest_route=%2Fwp%2Fv2%2Fcomments&post=14779"}],"version-history":[{"count":3,"href":"https:\/\/jan-jakobsen.dk\/index.php?rest_route=\/wp\/v2\/posts\/14779\/revisions"}],"predecessor-version":[{"id":60284,"href":"https:\/\/jan-jakobsen.dk\/index.php?rest_route=\/wp\/v2\/posts\/14779\/revisions\/60284"}],"wp:attachment":[{"href":"https:\/\/jan-jakobsen.dk\/index.php?rest_route=%2Fwp%2Fv2%2Fmedia&parent=14779"}],"wp:term":[{"taxonomy":"category","embeddable":true,"href":"https:\/\/jan-jakobsen.dk\/index.php?rest_route=%2Fwp%2Fv2%2Fcategories&post=14779"},{"taxonomy":"post_tag","embeddable":true,"href":"https:\/\/jan-jakobsen.dk\/index.php?rest_route=%2Fwp%2Fv2%2Ftags&post=14779"}],"curies":[{"name":"wp","href":"https:\/\/api.w.org\/{rel}","templated":true}]}}