{"id":1456,"date":"2013-05-04T02:26:21","date_gmt":"2013-05-04T00:26:21","guid":{"rendered":"http:\/\/jan-jakobsen.dk\/?p=1456"},"modified":"2013-07-06T16:47:31","modified_gmt":"2013-07-06T14:47:31","slug":"1456","status":"publish","type":"post","link":"https:\/\/jan-jakobsen.dk\/?p=1456","title":{"rendered":"Det handler om land!"},"content":{"rendered":"<p><em><strong>Der var fulde hus i Ahornhallen, da tre unge pal\u00e6stinensere fredag aften kiggede forbi for at fort\u00e6lle om situationen i deres hjemland. De tre unge er ud af en gruppe p\u00e5 6 unge fra forskellige venstrepartier, som i \u00f8jeblikket er i Danmark for at fort\u00e6lle om livet i deres hjemland. En af de unge fortalte, at han aldrig havde set havet f\u00f8r han satte sig ind i et fly for at komme til Danmark. Han havde derimod pr\u00f8vet at blive skudt ned for at ramme en israelsk-ejet bil&#8230; med et stykke agurk.<\/strong><!--more--><\/em><\/p>\n<p><a href=\"https:\/\/jan-jakobsen.dk\/https:\/\/jan-jakobsen.dk\/wp-content\/uploads\/2013\/05\/20130503_201026.jpg\"><img loading=\"lazy\" decoding=\"async\" class=\"alignleft  wp-image-1457\" alt=\"Pal\u00e6stinensisk bes\u00f8g\" src=\"https:\/\/jan-jakobsen.dk\/https:\/\/jan-jakobsen.dk\/wp-content\/uploads\/2013\/05\/20130503_201026.jpg\" width=\"482\" height=\"387\" \/><\/a>De unge kunne berette om en hverdag pr\u00e6get af den israelske bes\u00e6ttelsesmagt, der ikke har noget at lade nogen h\u00f8re, n\u00e5r det g\u00e6lder undertrykkelse og brutalitet. En hverdag, hvor pal\u00e6stinenserne til stadighed bliver frataget land og muligheder for at blive boende d\u00e9r, hvor deres familier, har v\u00e6ret bosiddende. Bes\u00e6ttelsestropperne beordrer dem til at forlade deres hjem af sikkerhedsm\u00e6ssige grunde og springer eller rydder husene v\u00e6k &#8211; vel at m\u00e6rke p\u00e5 de tidligere beboeres regning. De sp\u00e6rrer vejene mellem landsbyer og g\u00f8r det vanskeligt at f\u00e6rdes mellem byerne uden store omveje. At trodse bes\u00e6ttelsesmagten resulterer kun i f\u00e6ngsel eller brutale nedskydninger. Man blokerer for vand og el for at chikanere dagliglivet og tildeler, hvis man f\u00e5r noget, pal\u00e6stinenserne langt mindre vand end de israelske bos\u00e6ttere tildeles. Man laver vilk\u00e5rlige anholdelser blandt b\u00f8rn og unge for at kn\u00e6gte lysten til modstand. Inden for de sidste ti \u00e5r har mere end 40% af alle pal\u00e6stinensiske m\u00e6nd v\u00e6ret anholdt og siddet i f\u00e6ngsel. En stor del af disse inden for de sidste tre \u00e5r. Alene inden for de sidste tre \u00e5r har den oprindelige pal\u00e6stinensiske befolkning mistet 187 % mere land. Konflikten har st\u00e5et p\u00e5 i mere end 60 \u00e5r og generationer af pal\u00e6stinensere kender kun livet som en n\u00e5desl\u00f8s krig og flugt fra en en brutal bes\u00e6ttelsesmagt, der, ligesom deres st\u00f8tter i USA og andre vestlige demokratier er ligeglad med internationale konventioner.<\/p>\n<div id=\"attachment_1458\" style=\"width: 310px\" class=\"wp-caption alignright\"><a href=\"https:\/\/jan-jakobsen.dk\/https:\/\/jan-jakobsen.dk\/wp-content\/uploads\/2013\/05\/20130503_201311.jpg\"><img loading=\"lazy\" decoding=\"async\" aria-describedby=\"caption-attachment-1458\" class=\"size-medium wp-image-1458\" alt=\"De unge kunne berette om en hverdag pr\u00e6get af den israelske bes\u00e6ttelsesmagt, der ikke har noget at lade nogen h\u00f8re, n\u00e5r det g\u00e6lder undertrykkelse og brutalitet.\" src=\"https:\/\/jan-jakobsen.dk\/https:\/\/jan-jakobsen.dk\/wp-content\/uploads\/2013\/05\/20130503_201311-300x225.jpg\" width=\"300\" height=\"225\" srcset=\"https:\/\/jan-jakobsen.dk\/http:\/\/jan-jakobsen.dk\/wp-content\/uploads\/2013\/05\/20130503_201311-300x225.jpg 300w, https:\/\/jan-jakobsen.dk\/http:\/\/jan-jakobsen.dk\/wp-content\/uploads\/2013\/05\/20130503_201311-1024x768.jpg 1024w, https:\/\/jan-jakobsen.dk\/http:\/\/jan-jakobsen.dk\/wp-content\/uploads\/2013\/05\/20130503_201311.jpg 2048w\" sizes=\"auto, (max-width: 300px) 100vw, 300px\" \/><\/a><p id=\"caption-attachment-1458\" class=\"wp-caption-text\">De unge kunne berette om en hverdag pr\u00e6get af den israelske bes\u00e6ttelsesmagt, der ikke har noget at lade nogen h\u00f8re, n\u00e5r det g\u00e6lder undertrykkelse og brutali<\/p><\/div>\n<p>Demokratiske venstrekr\u00e6fter m\u00e5 g\u00e5 sammen med det pal\u00e6stinensiske folk i deres fredelige demonstrationer mod bes\u00e6ttelsesmagten og holde fast i retten til jord og anerkendelse af retten til en selvst\u00e6ndig stat. FNs International Konvention vedr\u00f8rende bek\u00e6mpelse og straf for forbrydelsen Apartheid tr\u00e5dte i kraft den 18. juli 1976. Den sl\u00e5r fast, at udtrykket \u201dforbrydelsen apartheid\u201d betegner den politik og praksis med raceadskillelse og diskrimination, g\u00e6lde for umenneskelige handlinger, som beg\u00e5s for at etablere og opretholde en racem\u00e6ssig gruppes dominans over en hvilken som helst anden racem\u00e6ssig gruppe og for systematisk at undertrykke denne. Som eksempler n\u00e6vnes &#8211; at n\u00e6gte et eller flere medlemmer af en eller flere racem\u00e6ssige grupper retten til liv og personlig frihed, &#8211; mord p\u00e5 medlemmer af en eller flere racem\u00e6ssige grupper, &#8211; at p\u00e5f\u00f8re medlemmerne af en eller flere racem\u00e6ssige grupper fysisk eller mental lidelse, at kr\u00e6nke deres frihed eller v\u00e6rdighed, at uds\u00e6tte dem for tortur eller grusom, umenneskelig eller nedv\u00e6rdigende behandling eller straf, &#8211; vilk\u00e5rlig anholdelse og ulovlig f\u00e6ngsling af medlemmer af en eller flere racem\u00e6ssige grupper, &#8211; fors\u00e6tlig forringelse af en eller flere racem\u00e6ssige gruppers leveforhold i den hensigt helt eller delvist at for\u00e5rsage deres fysiske destruktion, helt eller delvist for blot at n\u00e6vne nogle f\u00e5 af de forhold blandt mange, der passer p\u00e5 den israelske stats overgreb mod det pal\u00e6stinensiske folk. Som konsekvens af m\u00f8det blev der iv\u00e6rksat en underskriftindsamling for at f\u00e5 lokale supermarkeder til at undlade at handle med israelske varer &#8211; alts\u00e5 en boykot af disse.<br \/>\nDen 18. januar 2013 fremsatte Christian Juhl (EL), p\u00e5 vegne af Enhedslisten et\u00a0forslag til folketingsbeslutning om anerkendelse af en selvst\u00e6ndig pal\u00e6stinensisk stat. I forslaget hedder det, at &#8216;&#8230;Folketinget p\u00e5l\u00e6gger regeringen at anerkende Pal\u00e6stina som en uafh\u00e6ngig og selvst\u00e6ndig stat inden for gr\u00e6nserne fra f\u00f8r 1967 og i forl\u00e6ngelse heraf give staten Pal\u00e6stina fulde diplomatiske rettigheder. Herudover opfordrer Folketinget israelere og pal\u00e6stinensere til at arbejde for fred og forsoning gennem fredsaftaler baseret p\u00e5 international ret og FN-resolutioner, herunder den gensidige anerkendelse af staten Israel og staten Pal\u00e6stina&#8230;&#8217;. Forslaget behandles i Folketingssalen tirsdag 21. maj 2013.<br \/>\ni Europa er Island et af de f\u00e5 vestlige lande og Nato-medlemmer, der har anerkendt Pal\u00e6stina. Det giver Danmark en enest\u00e5ende chance for sammen med Island at v\u00e6re nordisk foregangsland i en demokratisk og anerkendende proces for fredelig udvikling.<br \/>\nM\u00f8det i Ahornhallen var arrangeret i et samarbejde mellem Enhedslisten i Ringsted, de bes\u00f8gende venstrepartier og herboende pal\u00e6stinensere.<\/p>\n","protected":false},"excerpt":{"rendered":"<p>Der var fulde hus i Ahornhallen, da tre unge pal\u00e6stinensere fredag aften kiggede forbi for at fort\u00e6lle om situationen i deres hjemland. De tre unge er ud af en gruppe p\u00e5 6 unge fra forskellige venstrepartier, som i \u00f8jeblikket er &hellip; <a href=\"https:\/\/jan-jakobsen.dk\/?p=1456\">L\u00e6s resten <span class=\"meta-nav\">&rarr;<\/span><\/a><\/p>\n","protected":false},"author":3,"featured_media":0,"comment_status":"open","ping_status":"open","sticky":false,"template":"","format":"standard","meta":{"footnotes":""},"categories":[4,1],"tags":[],"class_list":["post-1456","post","type-post","status-publish","format-standard","hentry","category-blog","category-uncategorized"],"_links":{"self":[{"href":"https:\/\/jan-jakobsen.dk\/index.php?rest_route=\/wp\/v2\/posts\/1456","targetHints":{"allow":["GET"]}}],"collection":[{"href":"https:\/\/jan-jakobsen.dk\/index.php?rest_route=\/wp\/v2\/posts"}],"about":[{"href":"https:\/\/jan-jakobsen.dk\/index.php?rest_route=\/wp\/v2\/types\/post"}],"author":[{"embeddable":true,"href":"https:\/\/jan-jakobsen.dk\/index.php?rest_route=\/wp\/v2\/users\/3"}],"replies":[{"embeddable":true,"href":"https:\/\/jan-jakobsen.dk\/index.php?rest_route=%2Fwp%2Fv2%2Fcomments&post=1456"}],"version-history":[{"count":25,"href":"https:\/\/jan-jakobsen.dk\/index.php?rest_route=\/wp\/v2\/posts\/1456\/revisions"}],"predecessor-version":[{"id":1466,"href":"https:\/\/jan-jakobsen.dk\/index.php?rest_route=\/wp\/v2\/posts\/1456\/revisions\/1466"}],"wp:attachment":[{"href":"https:\/\/jan-jakobsen.dk\/index.php?rest_route=%2Fwp%2Fv2%2Fmedia&parent=1456"}],"wp:term":[{"taxonomy":"category","embeddable":true,"href":"https:\/\/jan-jakobsen.dk\/index.php?rest_route=%2Fwp%2Fv2%2Fcategories&post=1456"},{"taxonomy":"post_tag","embeddable":true,"href":"https:\/\/jan-jakobsen.dk\/index.php?rest_route=%2Fwp%2Fv2%2Ftags&post=1456"}],"curies":[{"name":"wp","href":"https:\/\/api.w.org\/{rel}","templated":true}]}}