{"id":1129,"date":"2012-01-28T05:04:06","date_gmt":"2012-01-28T04:04:06","guid":{"rendered":"http:\/\/jan-jakobsen.dk\/?p=1129"},"modified":"2013-07-25T21:10:11","modified_gmt":"2013-07-25T19:10:11","slug":"dr1-dokumentaren-mit-lykkelige-liv-som-gr%c3%b8ntsag","status":"publish","type":"post","link":"https:\/\/jan-jakobsen.dk\/?p=1129","title":{"rendered":"DR1 Dokumentaren: Mit lykkelige liv som gr\u00f8ntsag"},"content":{"rendered":"<p>DR-1 Dokumentar. DR skriver om filmen:<\/p>\n<blockquote>\n<div id=\"attachment_1134\" style=\"width: 310px\" class=\"wp-caption alignleft\"><a href=\"https:\/\/jan-jakobsen.dk\/https:\/\/jan-jakobsen.dk\/wp-content\/uploads\/2012\/01\/birger.jpg\"><img loading=\"lazy\" decoding=\"async\" aria-describedby=\"caption-attachment-1134\" class=\"size-medium wp-image-1134\" title=\"birger\" alt=\"\" src=\"https:\/\/jan-jakobsen.dk\/https:\/\/jan-jakobsen.dk\/wp-content\/uploads\/2012\/01\/birger-300x242.jpg\" width=\"300\" height=\"242\" srcset=\"https:\/\/jan-jakobsen.dk\/http:\/\/jan-jakobsen.dk\/wp-content\/uploads\/2012\/01\/birger-300x242.jpg 300w, https:\/\/jan-jakobsen.dk\/http:\/\/jan-jakobsen.dk\/wp-content\/uploads\/2012\/01\/birger.jpg 436w\" sizes=\"auto, (max-width: 300px) 100vw, 300px\" \/><\/a><p id=\"caption-attachment-1134\" class=\"wp-caption-text\">Birger Bergman Jeppesen &#8211; en af hovedpersonerne i &#8216;Mit lykkelige liv som gr\u00f8ntsag.&#8217;<\/p><\/div><\/blockquote>\n<p>En sk\u00e6v roadmovie om den tidligere blomsterhandler Birger Bergmann Jeppesen. Sk\u00f8nt lam fra top til t\u00e5 erkl\u00e6rer han, at han i dag er en lykkeligere mand, end f\u00f8r han blev ramt af den uhelbredelige sygdom ALS. Det er en film om k\u00e6rligheden til livet og til hustruen Jutta. Og om at insistere p\u00e5 at v\u00e6re noget og g\u00f8re noget for andre, ogs\u00e5 selvom det eneste han kan, er at blinke.Birger vil redde menneskeliv. Hvis han boede i Sverige, var han formentlig d\u00f8d for flere \u00e5r siden. Men i Danmark er han som ALS-ramt blevet tilbudt den respirator, der nu har holdt ham kunstigt i live i mere end 10 \u00e5r. Den svenske familiefar Johan p\u00e5 43 \u00e5r har med sin ALS-sygdom kun ganske f\u00e5 m\u00e5neder tilbage at leve i, hvis ikke han f\u00e5r en respirator. Vil det lykkes Birger at hj\u00e6lpe ham?<\/p>\n<p><!--more-->Jeg m\u00e5 indr\u00f8mme, at hvis der var noget, som denne film ikke gav mig lyst til, s\u00e5 var det at f\u00e6lde en t\u00e5re. Den bragte alle andre f\u00f8lelser op i mig:<br \/>\n<strong>Gl\u00e6den<\/strong> over, at det kan lade sig g\u00f8re at lave en indlevende film, der, uden at forfalde til\u00a0spekulativ f\u00f8lelsesporno, beskriver et godt liv med blik for, hvad det at leve virkelig er.<br \/>\n<strong>Nydelsen<\/strong> af en n\u00f8gtern dialog om valget af respirator.<br \/>\n<strong>Stoltheden<\/strong> over, at vi i Muskelsvindfonden har medlemmer, der s\u00e5 aktivt og energisk form\u00e5r at k\u00e6mpe for og kommunikere et s\u00e5 vanskeligt budskab ud.<br \/>\n<strong>Anerkendelsen<\/strong> af, at vi herhjemme har og bevarer brugerens eget valg af respirator.<br \/>\n<strong>H\u00e5bet<\/strong> i at k\u00e6rligheden til livet og til mennesker kan v\u00e6re s\u00e5 st\u00e6rkt.<br \/>\n<strong> Vreden<\/strong> over, at man i Sverige kan kalde det et etisk dilemma at give mennesker en livsforl\u00e6ngende behandling, de selv \u00f8nsker.<br \/>\n<strong>Angsten<\/strong> over, at man kan manipulere s\u00e5 meget med mennesker, at det bliver for sent at gribe ind, som vi s\u00e5 det med svenske Johan.<br \/>\nDen mest sobre, n\u00f8gterne og velkommunikerende film, jeg endnu har set om emnet.<\/p>\n<p>Spilletid: 59 min.<\/p>\n<p>Link til film: <a title=\"'Mit lykkelige liv som gr\u00f8ntsag'\" href=\"http:\/\/www.dr.dk\/nu\/player\/#\/dr1-dokumentaren\/29166\/00:59\" target=\"_blank\">Se &#8216;Mit lykkelige liv som gr\u00f8ntsag&#8217; fra DR&#8217;s arkiv her<\/a><\/p>\n","protected":false},"excerpt":{"rendered":"<p>DR-1 Dokumentar. DR skriver om filmen: En sk\u00e6v roadmovie om den tidligere blomsterhandler Birger Bergmann Jeppesen. Sk\u00f8nt lam fra top til t\u00e5 erkl\u00e6rer han, at han i dag er en lykkeligere mand, end f\u00f8r han blev ramt af den uhelbredelige &hellip; <a href=\"https:\/\/jan-jakobsen.dk\/?p=1129\">L\u00e6s resten <span class=\"meta-nav\">&rarr;<\/span><\/a><\/p>\n","protected":false},"author":3,"featured_media":0,"comment_status":"open","ping_status":"open","sticky":false,"template":"","format":"standard","meta":{"footnotes":""},"categories":[3,9],"tags":[],"class_list":["post-1129","post","type-post","status-publish","format-standard","hentry","category-handicapdebat","category-se"],"_links":{"self":[{"href":"https:\/\/jan-jakobsen.dk\/index.php?rest_route=\/wp\/v2\/posts\/1129","targetHints":{"allow":["GET"]}}],"collection":[{"href":"https:\/\/jan-jakobsen.dk\/index.php?rest_route=\/wp\/v2\/posts"}],"about":[{"href":"https:\/\/jan-jakobsen.dk\/index.php?rest_route=\/wp\/v2\/types\/post"}],"author":[{"embeddable":true,"href":"https:\/\/jan-jakobsen.dk\/index.php?rest_route=\/wp\/v2\/users\/3"}],"replies":[{"embeddable":true,"href":"https:\/\/jan-jakobsen.dk\/index.php?rest_route=%2Fwp%2Fv2%2Fcomments&post=1129"}],"version-history":[{"count":12,"href":"https:\/\/jan-jakobsen.dk\/index.php?rest_route=\/wp\/v2\/posts\/1129\/revisions"}],"predecessor-version":[{"id":2405,"href":"https:\/\/jan-jakobsen.dk\/index.php?rest_route=\/wp\/v2\/posts\/1129\/revisions\/2405"}],"wp:attachment":[{"href":"https:\/\/jan-jakobsen.dk\/index.php?rest_route=%2Fwp%2Fv2%2Fmedia&parent=1129"}],"wp:term":[{"taxonomy":"category","embeddable":true,"href":"https:\/\/jan-jakobsen.dk\/index.php?rest_route=%2Fwp%2Fv2%2Fcategories&post=1129"},{"taxonomy":"post_tag","embeddable":true,"href":"https:\/\/jan-jakobsen.dk\/index.php?rest_route=%2Fwp%2Fv2%2Ftags&post=1129"}],"curies":[{"name":"wp","href":"https:\/\/api.w.org\/{rel}","templated":true}]}}