{"id":1125,"date":"2011-12-29T19:42:38","date_gmt":"2011-12-29T18:42:38","guid":{"rendered":"http:\/\/jan-jakobsen.dk\/?p=1125"},"modified":"2013-07-03T00:26:10","modified_gmt":"2013-07-02T22:26:10","slug":"1125","status":"publish","type":"post","link":"https:\/\/jan-jakobsen.dk\/?p=1125","title":{"rendered":"\u00c5ret der gak &#8211; en nyt\u00e5rshilsen"},"content":{"rendered":"<div>\n<p><strong>En hilsen til alle jer, jeg kender &#8211; meget, noget eller lidt&#8230;<\/strong><\/p>\n<p>&nbsp;<\/p>\n<p>&nbsp;<\/p>\n<p><strong><img loading=\"lazy\" decoding=\"async\" class=\"alignleft\" style=\"margin-left: 10px; margin-right: 10px;\" alt=\"\" src=\"http:\/\/photos-g.ak.fbcdn.net\/hphotos-ak-ash4\/374200_10150496505494481_530639480_8448995_1470795544_a.jpg\" width=\"180\" height=\"227\" \/><em>For mig er det en god tradition at skue tilbage p\u00e5 stort og sm\u00e5t. At s\u00e6tte begivenheder og handlinger i perspektiv &#8211; og stille sp\u00f8rgsm\u00e5let: har vi rykket noget?<\/em><\/strong><\/p>\n<p>Viste \u00e5r 2011 noget, s\u00e5 er det, at nok skaber den enkelte historie, men ikke n\u00f8dvendigvis god historie. Massemorderen Breivik var drevet af had og udt\u00e6nkte en kr\u00f8llet og skr\u00e6mmende plan i sit hoved. Og han gennemf\u00f8rte den. M\u00e5ske syg. M\u00e5ske den kyniske og farlige ener, der kan skade f\u00e6llesskabet i en uhyggelig grad ved sine ekstreme handlinger. Skr\u00e6mmende er, at han ikke er den eneste derude.<\/p>\n<\/div>\n<div><!--more-->Jeg tror p\u00e5 f\u00e6llesskaber. De giver trods alt en vis sikkerhed for, at det, vi udt\u00e6nker, ikke bliver alt for kringlet; alt for sygt. En vis sikkerhed for, at kynismen ikke tager overh\u00e5nd og m\u00e5let kommer til at hellige midlet.<br \/>\nOg her m\u00e5 jeg jo s\u00e5 bide mig selv i tungen. For selv i f\u00e6llesskabets navn kan m\u00e5let komme til at hellige midlet. Derfor er det n\u00f8dvendigt at unders\u00f8ge, om driftige, kreative og initiativrige politikere har v\u00e6ret involveret i Helle Thorning-Schmidts ikke-eksisterende skattesag.<br \/>\nLige s\u00e5 kynisk og uvirkeligt lyder det, at Danmark kan v\u00e6re indblandet i forbryderisk udlevering af fanger til statsmagter, vi positivt ved torterer og dr\u00e6ber fanger. Eller at b\u00f8rn udvises i \u00e5benlys modstrid med Menneskerettighederne. Eller mennesker, der giver penge til humanit\u00e6rt arbejde, anklages og d\u00f8mmes efter terrorlovgivningen. Shakespeare lader Marcellus sige det direkte og nok s\u00e5 ildevarslend i Hamlet: \u2018There is something rotten in the state of Denmark.\u2019<br \/>\n\u00c5ret blev naturligvis pr\u00e6get af folketingsvalg og et nyt flertal. Den liberalistiske indflydelse er klart markeret af Radikale. Det er dog ikke hele forklaringen. B\u00e5de Socialdemokraterne og SF s\u00e6tter ogs\u00e5 sit pr\u00e6g p\u00e5 denne politik. Det giver \u00e5benlyse frustrationer: det bliver sv\u00e6rt at se reel forskel mellen den siddende og den forrige regering. Det ses i vigende opbakning.<br \/>\nDer er dog positive \u00e6ndringer. De ses bl.a. i afskaffelsen af fattigdomsydelserne. Det er en vigtig forskel p\u00e5 den nye og den gamle regering &#8211; heldigvis. Et vigtigt bidrag er den rolle som parlamentarisk grundlag for regeringen, Enhedslisten spiller. Uden den rolle ville regeringsskiftet v\u00e6re den rene parade &#8211; magt for magtens skyld. Det er sundt og vigtigt, at Enhedslisten har denne rolle og konstant t\u00f8r bruge den. Det er foruds\u00e6tningen for at skabe p\u00e5tr\u00e6ngende forandringer.<br \/>\nLokalpolitisk har \u00e5ret budt p\u00e5 mange skuffelser. Vi fik f\u00e6rre skoler. Vi affolker landomr\u00e5derne. Vi giver m\u00e6rkbart d\u00e5rligere tilbud p\u00e5 handicapomr\u00e5det. Vi f\u00e5r flere lukkedage i daginstitutionerne. Vi f\u00e5r mere centralisering. Vi f\u00e5r stadig f\u00e6rre forbedringer til gavn for de fleste. Den kommunale \u00f8konomi bliver stadig mere stram.<br \/>\nDels som et resultat af den tidligere regerings konsekvente jagt efter at skabe et \u2018livsgrundlag\u2019 for deres dr\u00e6bende politiske ideer om, at vi f\u00e5r et bedre samfund, hvis enhver betaler mindre i skat, klarer sig selv selv og er ligeglad med f\u00e6llesskabet.<br \/>\nDels som et resultat af den lokale alliance mellem Venstre, Socialdemokraterne og SF. Det har resulteret i en Venstrestyret \u00f8konomisk politik, der \u00a0i bedste fald betyder et hensygnende liv i usynlighed for SF og for Socialdemokraterne. Undervejs er borgernes retssikkerhed sat over styr. Uden reaktioner fra hverken Socialdemokraterne eller SF. Tydeligvis \u2018magtens\u2019 pris.<br \/>\nOppositionen til dette absurde teaterstykke er pr\u00e6get af en bitter h\u00f8jrefl\u00f8j, der f\u00f8ler sig sat uden for indflydelse og derfor er imod.<br \/>\nDet er i dette \u2018farvand\u2019, at Enhedslisten skal navigere. Og s\u00f8ge nogle resultater. Vanskeligt med en samment\u00f8mret alliance og en \u00f8vrig opposition styret af magtesl\u00f8shed og ofte i modstrid med egen landspolitik.<br \/>\nJeg vil ikke l\u00e6gge skjul p\u00e5, at jeg &#8211; ikke mindst i \u00f8jeblikket &#8211; er glad for, at jeg ikke l\u00e6ngere er en del af det lokale flertal, der tr\u00e6ffer beslutninger kun baseret p\u00e5 \u00f8konomiske beregninger, nedsk\u00e6ringer og p\u00e5 stadig mindre social forst\u00e5else og indsigt. Skr\u00e6mmende og dybt asocialt.<br \/>\n\u00c5ret har alligevel v\u00e6ret pr\u00e6get af mange gode og vigtige oplevelser. B\u00e5de politisk og ikke mindst foreningspolitisk i Muskelsvindfonden. Her kunne vi fejre \u00a0et 40 \u00e5rs jubil\u00e6um, der viste, at her er styrke, kampgejst og vilje til at g\u00f8re en indsats. At vi s\u00e5 k\u00e6mper mod b\u00e5de tr\u00e6ge og tr\u00e6ttek\u00e6re politikere og drillevorne vejrguder (sidstn\u00e6vnte mente, at Gr\u00f8n Koncert i \u00e5r skulle druknes i regn) er en helt anden snak&#8230; men viljen er til stede.<br \/>\nI Handicapr\u00e5det er vi ved at finde en ny form, der skal forbedre dialogen og sikre, at der fra start bliver indt\u00e6nkt flere tiltag, s\u00e5 vi er bedre rustet til at undg\u00e5 eksklusion. Det g\u00e6lder nye bygninger, hvor vi vil have fokus p\u00e5 tilg\u00e6ngelighed og det g\u00e6lder inklusion af mennesker med psykiske handicap. En gruppe, der b\u00e5de er stigende og st\u00e6rkt overset.<\/p>\n<p style=\"display: inline !important;\">\n<p><strong> <\/strong><strong> <\/strong><br \/>\nPersonligt har det v\u00e6ret et meget varierende \u00e5r. Jeg har haft lidt sv\u00e6rt ved at genvinde balancen efter sidste \u00e5rs sygefrav\u00e6r, men det ser alligevel ud til nu at v\u00e6re lykkedes.<\/div>\n<div>Jeg tror p\u00e5 f\u00e6llesskaber. Derfor er jeg ogs\u00e5 glad for Muskelsvindfondens kampagne\u2018Plads til forskelle\u2019. Det handler nemlig ikke kun om plads til os, men plads til os alle. En god og vigtig vision for et samfund.<\/div>\n<div>\n<p style=\"display: inline !important;\">\n<p><strong> <\/strong><strong> <\/strong><br \/>\n<strong>Mange nyt\u00e5rshilsner<br \/>\nJan Jakobsen<\/strong><\/div>\n","protected":false},"excerpt":{"rendered":"<p>En hilsen til alle jer, jeg kender &#8211; meget, noget eller lidt&#8230; &nbsp; &nbsp; For mig er det en god tradition at skue tilbage p\u00e5 stort og sm\u00e5t. At s\u00e6tte begivenheder og handlinger i perspektiv &#8211; og stille sp\u00f8rgsm\u00e5let: har &hellip; <a href=\"https:\/\/jan-jakobsen.dk\/?p=1125\">L\u00e6s resten <span class=\"meta-nav\">&rarr;<\/span><\/a><\/p>\n","protected":false},"author":3,"featured_media":0,"comment_status":"open","ping_status":"open","sticky":false,"template":"","format":"standard","meta":{"footnotes":""},"categories":[4],"tags":[],"class_list":["post-1125","post","type-post","status-publish","format-standard","hentry","category-blog"],"_links":{"self":[{"href":"https:\/\/jan-jakobsen.dk\/index.php?rest_route=\/wp\/v2\/posts\/1125","targetHints":{"allow":["GET"]}}],"collection":[{"href":"https:\/\/jan-jakobsen.dk\/index.php?rest_route=\/wp\/v2\/posts"}],"about":[{"href":"https:\/\/jan-jakobsen.dk\/index.php?rest_route=\/wp\/v2\/types\/post"}],"author":[{"embeddable":true,"href":"https:\/\/jan-jakobsen.dk\/index.php?rest_route=\/wp\/v2\/users\/3"}],"replies":[{"embeddable":true,"href":"https:\/\/jan-jakobsen.dk\/index.php?rest_route=%2Fwp%2Fv2%2Fcomments&post=1125"}],"version-history":[{"count":7,"href":"https:\/\/jan-jakobsen.dk\/index.php?rest_route=\/wp\/v2\/posts\/1125\/revisions"}],"predecessor-version":[{"id":1779,"href":"https:\/\/jan-jakobsen.dk\/index.php?rest_route=\/wp\/v2\/posts\/1125\/revisions\/1779"}],"wp:attachment":[{"href":"https:\/\/jan-jakobsen.dk\/index.php?rest_route=%2Fwp%2Fv2%2Fmedia&parent=1125"}],"wp:term":[{"taxonomy":"category","embeddable":true,"href":"https:\/\/jan-jakobsen.dk\/index.php?rest_route=%2Fwp%2Fv2%2Fcategories&post=1125"},{"taxonomy":"post_tag","embeddable":true,"href":"https:\/\/jan-jakobsen.dk\/index.php?rest_route=%2Fwp%2Fv2%2Ftags&post=1125"}],"curies":[{"name":"wp","href":"https:\/\/api.w.org\/{rel}","templated":true}]}}